{"id":1,"date":"2014-01-22T04:51:49","date_gmt":"2014-01-22T04:51:49","guid":{"rendered":"http:\/\/localhost\/wordpress-4.0.1\/wordpress\/?p=1"},"modified":"2015-01-21T17:38:38","modified_gmt":"2015-01-21T17:38:38","slug":"hello-world","status":"publish","type":"post","link":"https:\/\/www.schwarzwald-gastro.de\/?p=1","title":{"rendered":"Dehoga fordert erm\u00e4\u00dfigte Mehrwertsteuer auch f\u00fcr Speisen"},"content":{"rendered":"<p><b>Waldshut-Tiengen\u00a0&#8211;\u00a0 Die Entlastung f\u00fcr die Hotellerie mit sieben statt 19 Prozent Mehrwertsteuer soll nach Wunsch des Verbandes auch f\u00fcr Gastst\u00e4tten gelten. <\/b><\/p>\n<div id=\"fancybox-content\">\n<div style=\"width: 710px\" class=\"wp-caption aligncenter\"><img decoding=\"async\" loading=\"lazy\" id=\"fancybox-img\" src=\"http:\/\/www.suedkurier.de\/storage\/pic\/xmlios_import\/region\/hochrhein\/waldshut-tiengen\/8222478_3_BC5A1EP7_C.jpg?version=1390350869\" alt=\"Politiker, Wirte und Hoteliers in friedlicher Eintracht beim Neujahrsempfang des Dehoga Waldshut in Tiengen (von links): Thomas Zimmermann (stellvertretender Vorsitzender des Dehoga Waldshut), Bundestagsabgeordneter Thomas D\u00f6rflinger, Hermann Pfau (Vorsitzender des Dehoga Waldshut), Landtagsabgeordneter Felix Schreiner, Jochen Sarnow (Dehoga-Vorstand), Fritz Engelhardt (Pr\u00e4sident des Dehoga Baden-W\u00fcrttemberg), Landtagsabgeordneter Hidir G\u00fcrakar, Alexander Hangleiter von der Dehoga-Gesch\u00e4ftsstelle Freiburg, Landrat Tilman Bollacher und Waldshut-Tiengens B\u00fcrgermeister Manfred Beck.\" width=\"700\" height=\"171\" \/><p class=\"wp-caption-text\">Politiker, Wirte und Hoteliers in friedlicher Eintracht beim Neujahrsempfang des Dehoga Waldshut in Tiengen (von links): Thomas Zimmermann (stellvertretender Vorsitzender des Dehoga Waldshut), Bundestagsabgeordneter Thomas D\u00f6rflinger, Hermann Pfau (Vorsitzender des Dehoga Waldshut), Landtagsabgeordneter Felix Schreiner, Jochen Sarnow (Dehoga-Vorstand), Fritz Engelhardt (Pr\u00e4sident des Dehoga Baden-W\u00fcrttemberg), Landtagsabgeordneter Hidir G\u00fcrakar, Alexander Hangleiter von der Dehoga-Gesch\u00e4ftsstelle Freiburg, Landrat Tilman Bollacher und Waldshut-Tiengens B\u00fcrgermeister Manfred Beck.<\/p><\/div>\n<\/div>\n<p>Politiker, Wirte und Hoteliers in friedlicher Eintracht beim Neujahrsempfang des Dehoga Waldshut in Tiengen (von links): Thomas Zimmermann (stellvertretender Vorsitzender des Dehoga Waldshut), Bundestagsabgeordneter Thomas D\u00f6rflinger, Hermann Pfau (Vorsitzender des Dehoga Waldshut), Landtagsabgeordneter Felix Schreiner, Jochen Sarnow (Dehoga-Vorstand), Fritz Engelhardt (Pr\u00e4sident des Dehoga Baden-W\u00fcrttemberg), Landtagsabgeordneter Hidir G\u00fcrakar, Alexander Hangleiter von der Dehoga-Gesch\u00e4ftsstelle Freiburg, Landrat Tilman Bollacher und Waldshut-Tiengens B\u00fcrgermeister Manfred Beck. \u00a0Bild: neubert<\/p>\n<p>Quelle: <a href=\"http:\/\/www.suedkurier.de\/region\/hochrhein\/waldshut-tiengen\/Dehoga-fordert-ermaessigte-Mehrwertsteuer-auch-fuer-Speisen;art372623,6631171\" target=\"_blank\">S\u00fcdkurier vom 22.01.2014 von Michael Neubert<\/a><\/p>\n","protected":false},"excerpt":{"rendered":"<p>Waldshut-Tiengen\u00a0&#8211;\u00a0 Die Entlastung f\u00fcr die Hotellerie mit sieben statt 19 Prozent Mehrwertsteuer soll nach Wunsch des Verbandes auch f\u00fcr Gastst\u00e4tten gelten. Politiker, Wirte und Hoteliers in friedlicher Eintracht beim Neujahrsempfang des Dehoga Waldshut in Tiengen (von links): Thomas Zimmermann (stellvertretender Vorsitzender des Dehoga Waldshut), Bundestagsabgeordneter&#8230;<\/p>\n","protected":false},"author":1,"featured_media":0,"comment_status":"open","ping_status":"open","sticky":false,"template":"","format":"standard","meta":[],"categories":[1],"tags":[],"_links":{"self":[{"href":"https:\/\/www.schwarzwald-gastro.de\/index.php?rest_route=\/wp\/v2\/posts\/1"}],"collection":[{"href":"https:\/\/www.schwarzwald-gastro.de\/index.php?rest_route=\/wp\/v2\/posts"}],"about":[{"href":"https:\/\/www.schwarzwald-gastro.de\/index.php?rest_route=\/wp\/v2\/types\/post"}],"author":[{"embeddable":true,"href":"https:\/\/www.schwarzwald-gastro.de\/index.php?rest_route=\/wp\/v2\/users\/1"}],"replies":[{"embeddable":true,"href":"https:\/\/www.schwarzwald-gastro.de\/index.php?rest_route=%2Fwp%2Fv2%2Fcomments&post=1"}],"version-history":[{"count":3,"href":"https:\/\/www.schwarzwald-gastro.de\/index.php?rest_route=\/wp\/v2\/posts\/1\/revisions"}],"predecessor-version":[{"id":877,"href":"https:\/\/www.schwarzwald-gastro.de\/index.php?rest_route=\/wp\/v2\/posts\/1\/revisions\/877"}],"wp:attachment":[{"href":"https:\/\/www.schwarzwald-gastro.de\/index.php?rest_route=%2Fwp%2Fv2%2Fmedia&parent=1"}],"wp:term":[{"taxonomy":"category","embeddable":true,"href":"https:\/\/www.schwarzwald-gastro.de\/index.php?rest_route=%2Fwp%2Fv2%2Fcategories&post=1"},{"taxonomy":"post_tag","embeddable":true,"href":"https:\/\/www.schwarzwald-gastro.de\/index.php?rest_route=%2Fwp%2Fv2%2Ftags&post=1"}],"curies":[{"name":"wp","href":"https:\/\/api.w.org\/{rel}","templated":true}]}}