{"id":1005,"date":"2015-01-28T08:46:29","date_gmt":"2015-01-28T08:46:29","guid":{"rendered":"http:\/\/gastro.hoga-wt.de\/?p=1005"},"modified":"2019-05-31T09:38:08","modified_gmt":"2019-05-31T09:38:08","slug":"mitglieder-haben-die-nase-vorne","status":"publish","type":"post","link":"https:\/\/www.schwarzwald-gastro.de\/?p=1005","title":{"rendered":"Mitglieder haben die Nase vorne"},"content":{"rendered":"<h3>P\u00fcnktlich zum Berufsstart<\/h3>\n<h2>Belehrung nach dem Infektionsschutzgesetz<\/h2>\n<p>Wie in jedem Jahr veranstaltete die DEHOGA Kreisstelle Waldshut-Tiengen in Kooperation mit dem zust\u00e4ndigen Gesundheitsamt in der ersten Septemberwoche eine Belehrung f\u00fcr die neuen Auszubildenden, sowie wie f\u00fcr die Mitarbeiter der Mitgliedsbetriebe. 40 Teilnehmer und Teilnehmerinnen aus dem gesamten Kreisgebiet hatten sich zu dieser gesetzlich vorgeschriebenen Belehrung angemeldet.<\/p>\n<p>&nbsp;<\/p>\n","protected":false},"excerpt":{"rendered":"<p>Wie in jedem Jahr veranstaltete die DEHOGA Kreisstelle Waldshut-Tiengen in Kooperation mit dem zust\u00e4ndigen Gesundheitsamt in der ersten Septemberwoche eine Belehrung f\u00fcr die neuen Auszubildenden, sowie wie f\u00fcr die Mitarbeiter der Mitgliedsbetriebe. 40 Teilnehmer und Teilnehmerinnen aus dem gesamten Kreisgebiet hatten sich zu dieser gesetzlich vorgeschriebenen Belehrung angemeldet.  <\/p>\n","protected":false},"author":1,"featured_media":0,"comment_status":"open","ping_status":"open","sticky":false,"template":"","format":"standard","meta":[],"categories":[1],"tags":[],"_links":{"self":[{"href":"https:\/\/www.schwarzwald-gastro.de\/index.php?rest_route=\/wp\/v2\/posts\/1005"}],"collection":[{"href":"https:\/\/www.schwarzwald-gastro.de\/index.php?rest_route=\/wp\/v2\/posts"}],"about":[{"href":"https:\/\/www.schwarzwald-gastro.de\/index.php?rest_route=\/wp\/v2\/types\/post"}],"author":[{"embeddable":true,"href":"https:\/\/www.schwarzwald-gastro.de\/index.php?rest_route=\/wp\/v2\/users\/1"}],"replies":[{"embeddable":true,"href":"https:\/\/www.schwarzwald-gastro.de\/index.php?rest_route=%2Fwp%2Fv2%2Fcomments&post=1005"}],"version-history":[{"count":5,"href":"https:\/\/www.schwarzwald-gastro.de\/index.php?rest_route=\/wp\/v2\/posts\/1005\/revisions"}],"predecessor-version":[{"id":2054,"href":"https:\/\/www.schwarzwald-gastro.de\/index.php?rest_route=\/wp\/v2\/posts\/1005\/revisions\/2054"}],"wp:attachment":[{"href":"https:\/\/www.schwarzwald-gastro.de\/index.php?rest_route=%2Fwp%2Fv2%2Fmedia&parent=1005"}],"wp:term":[{"taxonomy":"category","embeddable":true,"href":"https:\/\/www.schwarzwald-gastro.de\/index.php?rest_route=%2Fwp%2Fv2%2Fcategories&post=1005"},{"taxonomy":"post_tag","embeddable":true,"href":"https:\/\/www.schwarzwald-gastro.de\/index.php?rest_route=%2Fwp%2Fv2%2Ftags&post=1005"}],"curies":[{"name":"wp","href":"https:\/\/api.w.org\/{rel}","templated":true}]}}