{"id":2117,"date":"2019-04-16T13:36:32","date_gmt":"2019-04-16T13:36:32","guid":{"rendered":"http:\/\/s771146895.online.de\/?p=2117"},"modified":"2019-06-28T13:37:23","modified_gmt":"2019-06-28T13:37:23","slug":"dehoga-fruehlingsfest-am-6-mai-2019","status":"publish","type":"post","link":"https:\/\/www.schwarzwald-gastro.de\/?p=2117","title":{"rendered":"DEHOGA Fr\u00fchlingsfest am 6. Mai 2019"},"content":{"rendered":"<p class=\"normal\"><b>A<\/b>m Montag, 6. Mai 2019, feiern wir wieder das gr\u00f6\u00dfte Branchenfest des deutschen Gastgewerbes &#8211; das DEHOGA-Fr\u00fchlingsfest auf dem Cannstatter Wasen in Stuttgart. Das Programm beginnt um 16 Uhr in Grandls Hofbr\u00e4uzelt.<\/p>\n<p class=\"normal\">\n<p class=\"normal\"><b>Als DEHOGA-Mitglied sind Sie herzlich eingeladen! <\/b><\/p>\n<p class=\"normal\">\n<p class=\"normal\">Es erwarten Sie wieder eine super Stimmung unter rund 4.000 Kollegen, klare Worte unseres Vorsitzenden Fritz Engelhardt zur bevorstehenden Kommunal- und Europawahl und eine gro\u00dfe Verlosung zugunsten der Ausbildung im Gastgewerbe mit dem INTERGASTRA-Smart als Hauptgewinn.<\/p>\n<p class=\"normal\">\n<p class=\"normal\">Weitere Informationen finden Sie im beigef\u00fcgten Programm.<\/p>\n<p class=\"normal\">\n<p class=\"normal\"><b>Unser Angebot f\u00fcr Sie: <\/b><\/p>\n<p class=\"normal\">Gemeinsame Busfahrt zum Fr\u00fchlingsfest, organisiert von Ihrer DEHOGA-Kreisstelle. So kommen Sie sicher hin &#8211; und wieder zur\u00fcck. Daf\u00fcr f\u00fcllen Sie bitte das beigef\u00fcgte Anmeldeformular aus.<\/p>\n<p class=\"normal\">\n<p class=\"normal\">Jeder DEHOGA-Mitgliedsbetrieb erh\u00e4lt gratis zwei Gutscheinhefte. Darin enthalten ist ein Essensgutschein (freie Auswahl aus sechs Gerichten) sowie Getr\u00e4nkebons f\u00fcr ein alkoholisches oder zwei alkoholfreie Getr\u00e4nke.<\/p>\n<p class=\"normal\">Sollte ein Betrieb mehr als zwei Personen zum DEHOGA-Fr\u00fchlingsfest mitbringen wollen (z. B. Mitarbeiter), k\u00f6nnen maximal vier weitere Gutscheinhefte zum Preis von 30 Euro pro Heft erworben werden.<\/p>\n<p class=\"normal\">\n<p class=\"header\">Im Zeitalter der Digitalisierung werden wir diese Einladung an unsere Mitglieder, von denjenigen von denen uns die E-Mail Adresse vorliegt, nur noch per E-Mail versenden. Nur die Mitglieder von denen uns keine Mailadresse vorliegt, erhalten die Einladung per Post.<\/p>\n<p class=\"header\">\n<p class=\"normal\">Sprechen Sie also mit Ihren Kolleginnen und Kollegen. Sofern jemand keine Einladung erhalten hat, m\u00f6chte er sich doch bitte direkt an die Gesch\u00e4ftsstelle wenden.<\/p>\n<p class=\"normal\">\n<p class=\"normal\"><b>So melden Sie sich an: <\/b><\/p>\n<p class=\"normal\">\n<p class=\"normal\"><a href=\"https:\/\/veranstaltung.dehogabw.de\/appserver\/d-org\/rest\/pub\/dwd\/v1\/0xrpwzrp-2hln-7d8j-w76w-hpefcxtzh36n\">R\u00fcckmeldung zum DEHOGA Fr\u00fchlingsfest (bis sp\u00e4testens 8. April 2019)<\/a><\/p>\n<p class=\"normal\">\n<p class=\"normal\">Wir freuen uns auf Ihre Anmeldung!<\/p>\n<p class=\"normal\">\n<p class=\"plaintext\">Alexander Hangleiter<\/p>\n","protected":false},"excerpt":{"rendered":"<p>Am Montag, 6. Mai 2019, feiern wir wieder das gr\u00f6\u00dfte Branchenfest des deutschen Gastgewerbes &#8211; das DEHOGA-Fr\u00fchlingsfest auf dem Cannstatter Wasen in Stuttgart. Das Programm beginnt um 16 Uhr in Grandls Hofbr\u00e4uzelt. Als DEHOGA-Mitglied sind Sie herzlich eingeladen! Es erwarten Sie wieder eine super Stimmung&#8230;<\/p>\n","protected":false},"author":1,"featured_media":0,"comment_status":"open","ping_status":"open","sticky":false,"template":"","format":"standard","meta":[],"categories":[1],"tags":[],"_links":{"self":[{"href":"https:\/\/www.schwarzwald-gastro.de\/index.php?rest_route=\/wp\/v2\/posts\/2117"}],"collection":[{"href":"https:\/\/www.schwarzwald-gastro.de\/index.php?rest_route=\/wp\/v2\/posts"}],"about":[{"href":"https:\/\/www.schwarzwald-gastro.de\/index.php?rest_route=\/wp\/v2\/types\/post"}],"author":[{"embeddable":true,"href":"https:\/\/www.schwarzwald-gastro.de\/index.php?rest_route=\/wp\/v2\/users\/1"}],"replies":[{"embeddable":true,"href":"https:\/\/www.schwarzwald-gastro.de\/index.php?rest_route=%2Fwp%2Fv2%2Fcomments&post=2117"}],"version-history":[{"count":1,"href":"https:\/\/www.schwarzwald-gastro.de\/index.php?rest_route=\/wp\/v2\/posts\/2117\/revisions"}],"predecessor-version":[{"id":2118,"href":"https:\/\/www.schwarzwald-gastro.de\/index.php?rest_route=\/wp\/v2\/posts\/2117\/revisions\/2118"}],"wp:attachment":[{"href":"https:\/\/www.schwarzwald-gastro.de\/index.php?rest_route=%2Fwp%2Fv2%2Fmedia&parent=2117"}],"wp:term":[{"taxonomy":"category","embeddable":true,"href":"https:\/\/www.schwarzwald-gastro.de\/index.php?rest_route=%2Fwp%2Fv2%2Fcategories&post=2117"},{"taxonomy":"post_tag","embeddable":true,"href":"https:\/\/www.schwarzwald-gastro.de\/index.php?rest_route=%2Fwp%2Fv2%2Ftags&post=2117"}],"curies":[{"name":"wp","href":"https:\/\/api.w.org\/{rel}","templated":true}]}}