{"id":2121,"date":"2019-06-08T13:41:13","date_gmt":"2019-06-08T13:41:13","guid":{"rendered":"http:\/\/s771146895.online.de\/?p=2121"},"modified":"2019-06-28T13:42:39","modified_gmt":"2019-06-28T13:42:39","slug":"6-sommerfest-der-gastronomie","status":"publish","type":"post","link":"https:\/\/www.schwarzwald-gastro.de\/?p=2121","title":{"rendered":"\u201e6. Sommerfest der Gastronomie\u201c\u00a0"},"content":{"rendered":"<p><span class=\"Apple-converted-space\">\u00a0<\/span>Herzliche Einladung \u2026.<span class=\"Apple-converted-space\">\u00a0<\/span><\/p>\n<p>..an alle Wirte-Kollegen, Mitarbeiter, Lieferanten und G\u00f6nner der Gastronomie<span class=\"Apple-converted-space\">\u00a0<\/span><\/p>\n<p>\u201e6. Sommerfest der<span class=\"Apple-converted-space\">\u00a0<\/span>Gastronomie\u201c<span class=\"Apple-converted-space\">\u00a0<\/span><\/p>\n<p><strong>Dienstag 2. Juli 2019<span class=\"Apple-converted-space\">\u00a0<\/span><\/strong><\/p>\n<p>Im<span class=\"Apple-converted-space\">\u00a0<\/span><\/p>\n<p>Rothaus 2, 79865 Grafenhausen Tel.07748\/522-9600<span class=\"Apple-converted-space\">\u00a0<\/span><\/p>\n<ul>\n<li>18 Uhr Apero 19.00 Uhr Gro\u00dfes Grillb\u00fcffet im Rothaus Biergarten mit sommerliches Salatbuffet vom Marktstand und Dessertb\u00fcffet \u201eLivemusik\u201c mit Guido Heidenreich<span class=\"Apple-converted-space\">\u00a0<\/span><\/li>\n<li>Paketpreis 49.-\u20ac pro Person inklusive o Apero,<span class=\"Apple-converted-space\">\u00a0<\/span><\/li>\n<li>Musik<\/li>\n<li>Grillb\u00fcffet<span class=\"Apple-converted-space\">\u00a0<\/span><\/li>\n<li>Dessertb\u00fcffet<span class=\"Apple-converted-space\">\u00a0<\/span><\/li>\n<\/ul>\n<p>Ein Fest f\u00fcr gute Laune<span class=\"Apple-converted-space\">\u00a0<\/span><\/p>\n<p>Nutzen Sie die Gelegenheit in angenehmer Atmosph\u00e4re bei Musik, Tanz und Genuss mit Ihren Kollegen, Mitarbeitern und Gesch\u00e4ftspartnern ins Gespr\u00e4ch zu kommen.<span class=\"Apple-converted-space\">\u00a0<\/span><\/p>\n<p>\u201eWir freuen uns auf diesen sicherlich tollen Abend\u201c Wirteverein S\u00fcdschwarzwald Hochrhein 1.Vorsitzender: Thomas Zimmerman Waldhaus 1 79809 Waldhaus Tel. 07755\/1600<span class=\"Apple-converted-space\">\u00a0<\/span><\/p>\n<p>Anmeldung<span class=\"Apple-converted-space\">\u00a0<\/span><\/p>\n<p>Im Preis enthalten (49.-\u20ac pro Person)<span class=\"Apple-converted-space\">\u00a0<\/span><\/p>\n<ul>\n<li>Apero<span class=\"Apple-converted-space\">\u00a0<\/span><\/li>\n<li>Musik<span class=\"Apple-converted-space\">\u00a0<\/span><\/li>\n<li>Abendessen und Dessert<span class=\"Apple-converted-space\">\u00a0<\/span><\/li>\n<\/ul>\n<p>Bitte vorab bis Freitag 28.6.19 an die unten angegebene Kontonummer \u00fcberweisen<span class=\"Apple-converted-space\">\u00a0<\/span><\/p>\n<p>Anmeldung bei Cornelius Ebner \u201eSommerfest der Gastronomie\u201c<span class=\"Apple-converted-space\">\u00a0<\/span><\/p>\n<p>Fax: 07753\/2654<span class=\"Apple-converted-space\">\u00a0<\/span><\/p>\n<p>Mail: <a href=\"mailto:info@hirschen-birndorf.de\">info@hirschen-birndorf.de<\/a><span class=\"Apple-converted-space\">\u00a0<\/span><\/p>\n<p>Anmeldung bitte bis sp\u00e4testens <b>28. Juni 2019<span class=\"Apple-converted-space\">\u00a0<\/span><\/b><\/p>\n","protected":false},"excerpt":{"rendered":"<p>\u00a0Herzliche Einladung \u2026.\u00a0 ..an alle Wirte-Kollegen, Mitarbeiter, Lieferanten und G\u00f6nner der Gastronomie\u00a0 \u201e6. Sommerfest der\u00a0Gastronomie\u201c\u00a0 Dienstag 2. Juli 2019\u00a0 Im\u00a0 Rothaus 2, 79865 Grafenhausen Tel.07748\/522-9600\u00a0 18 Uhr Apero 19.00 Uhr Gro\u00dfes Grillb\u00fcffet im Rothaus Biergarten mit sommerliches Salatbuffet vom Marktstand und Dessertb\u00fcffet \u201eLivemusik\u201c mit Guido&#8230;<\/p>\n","protected":false},"author":1,"featured_media":0,"comment_status":"open","ping_status":"open","sticky":false,"template":"","format":"standard","meta":[],"categories":[1],"tags":[],"_links":{"self":[{"href":"https:\/\/www.schwarzwald-gastro.de\/index.php?rest_route=\/wp\/v2\/posts\/2121"}],"collection":[{"href":"https:\/\/www.schwarzwald-gastro.de\/index.php?rest_route=\/wp\/v2\/posts"}],"about":[{"href":"https:\/\/www.schwarzwald-gastro.de\/index.php?rest_route=\/wp\/v2\/types\/post"}],"author":[{"embeddable":true,"href":"https:\/\/www.schwarzwald-gastro.de\/index.php?rest_route=\/wp\/v2\/users\/1"}],"replies":[{"embeddable":true,"href":"https:\/\/www.schwarzwald-gastro.de\/index.php?rest_route=%2Fwp%2Fv2%2Fcomments&post=2121"}],"version-history":[{"count":2,"href":"https:\/\/www.schwarzwald-gastro.de\/index.php?rest_route=\/wp\/v2\/posts\/2121\/revisions"}],"predecessor-version":[{"id":2123,"href":"https:\/\/www.schwarzwald-gastro.de\/index.php?rest_route=\/wp\/v2\/posts\/2121\/revisions\/2123"}],"wp:attachment":[{"href":"https:\/\/www.schwarzwald-gastro.de\/index.php?rest_route=%2Fwp%2Fv2%2Fmedia&parent=2121"}],"wp:term":[{"taxonomy":"category","embeddable":true,"href":"https:\/\/www.schwarzwald-gastro.de\/index.php?rest_route=%2Fwp%2Fv2%2Fcategories&post=2121"},{"taxonomy":"post_tag","embeddable":true,"href":"https:\/\/www.schwarzwald-gastro.de\/index.php?rest_route=%2Fwp%2Fv2%2Ftags&post=2121"}],"curies":[{"name":"wp","href":"https:\/\/api.w.org\/{rel}","templated":true}]}}