{"id":2150,"date":"2019-01-16T09:22:56","date_gmt":"2019-01-16T09:22:56","guid":{"rendered":"http:\/\/s771146895.online.de\/?p=2150"},"modified":"2019-07-02T09:29:56","modified_gmt":"2019-07-02T09:29:56","slug":"deutscher-hotel-und-gaststaettenverband-zieht-positive-bilanz-aber-sieht-auch-schwaechen","status":"publish","type":"post","link":"https:\/\/www.schwarzwald-gastro.de\/?p=2150","title":{"rendered":"Deutscher Hotel- und Gastst\u00e4ttenverband zieht positive Bilanz \u2013 aber sieht auch Schw\u00e4chen"},"content":{"rendered":"<p>Der Dehoga hatte seinen Neujahrsempfang in Lauchringen. Der Kreisvorsitzende Hermann Pfau \u00fcbte dabei Kritik an der niedrigen Mehrwertsteuer bei etwa Fastfood gegen\u00fcber der in der Gastronomie angebotenen Mahlzeit.<\/p>\n<figure class=\"vw-100 vw-xl-100 col-xl-8 no-pad\"><img decoding=\"async\" class=\" lazyloaded\" title=\"\" src=\"https:\/\/static6.suedkurier.de\/storage\/image\/5\/2\/4\/5\/11925425_shift-966x593_1qw-Dq_bKtsg8.jpg\" sizes=\"800px\" srcset=\"https:\/\/static6.suedkurier.de\/storage\/image\/5\/2\/4\/5\/11925425_shift-966x593_1qw-Dq_bKtsg8.jpg 800w\" alt=\"Zum Neujahrsempfang hatte der Dehoga in das Gartenhotel Feldeck eingeladen (von links): Alexander Hangleiter (Gesch\u00e4ftsf\u00fchrer der Dehoga-Gesch\u00e4ftsstelle Freiburg), B\u00fcrgermeister Thomas Sch\u00e4uble, Regierungsdirektor Walter Scheifele, Dehoga-Kreisvorsitzender Hermann Pfau, Landtagsabgeordnete Sabine Hartmann-M\u00fcller und Thomas Zimmermann (stellvertretender Vorsitzender der Dehoga-Kreisstelle Waldshut).\" data-sizes=\"800px\" data-srcset=\"https:\/\/static6.suedkurier.de\/storage\/image\/5\/2\/4\/5\/11925425_shift-966x593_1qw-Dq_bKtsg8.jpg 800w\" data-src=\"https:\/\/static6.suedkurier.de\/storage\/image\/5\/2\/4\/5\/11925425_shift-966x593_1qw-Dq_bKtsg8.jpg\" data-expand=\"500\" \/><figcaption class=\"col-12 article-figcaption col-xl-6 col-xl-4\">Zum Neujahrsempfang hatte der Dehoga in das Gartenhotel Feldeck eingeladen (von links): Alexander Hangleiter (Gesch\u00e4ftsf\u00fchrer der Dehoga-Gesch\u00e4ftsstelle Freiburg), B\u00fcrgermeister Thomas Sch\u00e4uble, Regierungsdirektor Walter Scheifele, Dehoga-Kreisvorsitzender Hermann Pfau, Landtagsabgeordnete Sabine Hartmann-M\u00fcller und Thomas Zimmermann (stellvertretender Vorsitzender der Dehoga-Kreisstelle Waldshut). <em>Bild: Claus Bingold, Quelle: S\u00fcdkurier<\/em><\/figcaption><\/figure>\n<a  itemprop=\"url\" href=\"https:\/\/www.suedkurier.de\/region\/hochrhein\/lauchringen\/Deutscher-Hotel-und-Gaststaettenverband-zieht-positive-Bilanz-aber-sieht-auch-Schwaechen;art372610,9578062\" target=\"_blank\"  class=\"qbutton  default\" style=\"\">Hier weiterlesen<\/a>\n","protected":false},"excerpt":{"rendered":"<p>Der Dehoga hatte seinen Neujahrsempfang in Lauchringen. Der Kreisvorsitzende Hermann Pfau \u00fcbte dabei Kritik an der niedrigen Mehrwertsteuer bei etwa Fastfood gegen\u00fcber der in der Gastronomie angebotenen Mahlzeit. Zum Neujahrsempfang hatte der Dehoga in das Gartenhotel Feldeck eingeladen (von links): Alexander Hangleiter (Gesch\u00e4ftsf\u00fchrer der Dehoga-Gesch\u00e4ftsstelle&#8230;<\/p>\n","protected":false},"author":1,"featured_media":0,"comment_status":"open","ping_status":"open","sticky":false,"template":"","format":"standard","meta":[],"categories":[1],"tags":[],"_links":{"self":[{"href":"https:\/\/www.schwarzwald-gastro.de\/index.php?rest_route=\/wp\/v2\/posts\/2150"}],"collection":[{"href":"https:\/\/www.schwarzwald-gastro.de\/index.php?rest_route=\/wp\/v2\/posts"}],"about":[{"href":"https:\/\/www.schwarzwald-gastro.de\/index.php?rest_route=\/wp\/v2\/types\/post"}],"author":[{"embeddable":true,"href":"https:\/\/www.schwarzwald-gastro.de\/index.php?rest_route=\/wp\/v2\/users\/1"}],"replies":[{"embeddable":true,"href":"https:\/\/www.schwarzwald-gastro.de\/index.php?rest_route=%2Fwp%2Fv2%2Fcomments&post=2150"}],"version-history":[{"count":6,"href":"https:\/\/www.schwarzwald-gastro.de\/index.php?rest_route=\/wp\/v2\/posts\/2150\/revisions"}],"predecessor-version":[{"id":2156,"href":"https:\/\/www.schwarzwald-gastro.de\/index.php?rest_route=\/wp\/v2\/posts\/2150\/revisions\/2156"}],"wp:attachment":[{"href":"https:\/\/www.schwarzwald-gastro.de\/index.php?rest_route=%2Fwp%2Fv2%2Fmedia&parent=2150"}],"wp:term":[{"taxonomy":"category","embeddable":true,"href":"https:\/\/www.schwarzwald-gastro.de\/index.php?rest_route=%2Fwp%2Fv2%2Fcategories&post=2150"},{"taxonomy":"post_tag","embeddable":true,"href":"https:\/\/www.schwarzwald-gastro.de\/index.php?rest_route=%2Fwp%2Fv2%2Ftags&post=2150"}],"curies":[{"name":"wp","href":"https:\/\/api.w.org\/{rel}","templated":true}]}}