{"id":879,"date":"2013-03-07T17:42:10","date_gmt":"2013-03-07T17:42:10","guid":{"rendered":"http:\/\/gastro.hoga-wt.de\/?p=879"},"modified":"2015-01-21T17:42:30","modified_gmt":"2015-01-21T17:42:30","slug":"lachende-gesichter-beim-wirteverein-suedschwarzwald-hochrhein","status":"publish","type":"post","link":"https:\/\/www.schwarzwald-gastro.de\/?p=879","title":{"rendered":"Lachende Gesichter beim Wirteverein S\u00fcdschwarzwald-Hochrhein"},"content":{"rendered":"<p><b>Kreis Waldshut\u00a0&#8211;\u00a0 Zuversicht im Gastgewerbe. Auf sieben Prozent gesenkter Mehrwertsteuersatz sichereInvestitionen in der Hotellerie<\/b><\/p>\n<div style=\"width: 527px\" class=\"wp-caption aligncenter\"><a class=\"fancybild\" href=\"http:\/\/www.suedkurier.de\/storage\/pic\/xmlios_import\/region\/hochrhein\/kreis-waldshut\/7371160_1_DS4PAQC9_C.jpg?version=1362616982\" rel=\"galerie\"><img decoding=\"async\" loading=\"lazy\" src=\"http:\/\/static4.suedkurier.de\/storage\/scl\/xmlios_import\/region\/hochrhein\/kreis-waldshut\/7371160_w618h353q75v58567_DS4PAQC9_C.jpg?version=1362616982\" alt=\"\" width=\"517\" height=\"353\" \/><\/a><p class=\"wp-caption-text\">Die Wirtevereinigung S\u00fcdschwarzwald-Hochrhein tagte im Hotel Posthorn in \u00dchlingen. Das wiedergew\u00e4hlte Vorstandsteam (von links): Matthias Tr\u00f6ndle, Matthias Boll, Cornelius Ebner, Matthias Maier, Peter Hartmann, Elmar Ebner und Thomas Zimmermann. Bild: steinhart<\/p><\/div>\n<p>Die Gastronomen und Hoteliers im S\u00fcdschwarzwald und am Hochrhein sehen sich auf Erfolgskurs. \u201eEs boomt in der Gastronomie\u201c, stellte der Vorsitzende des Wirtevereins S\u00fcdschwarzwald-Hochrhein, Thomas Zimmermann, in der Hauptversammlung im Hotel Posthorn in \u00dchlingen fest. In der Gastronomie sei eine positive Entwicklung festzustellen. Investitionen seien in der Hotellerie durch den gesenkten Mehrwertsteuersatz angesagt. Die Senkung diene nicht der Gewinnoptimierung. Vielmehr werde in moderne Arbeitsbedingungen wie neue K\u00fcchen ebenso investiert wie in den Ausbau von Wellnessbereichen. Ein Anliegen des Wirtevereins ist auch der Erhalt der Dorfgastst\u00e4tten. Die Gastwirtschaft im Dorf sei besonders als Kommunikationsmittelpunkt zu sehen, sagte Zimmermann. Ihr Erhalt sei zweifellos unterst\u00fctzungsw\u00fcrdig.<\/p>\n<p>Schriftf\u00fchrer Cornelius Ebner zeigte die vielseitigen Unternehmungen, Ausfl\u00fcge, Schulungen und Stammtische auf, so den gemeinsamen Neujahrsempfang der Dehoga, die Hygieneschulung, Besuch der Intergastra Stuttgart und den Ausflug nach Wien. Dass die finanziellen Rahmenbedingungen stimmen, zeigte Kassierer Peter Hartmann auf. Zusammenfassend sprach Zimmermann von einem positiven Jahr des Wirtevereins.<\/p>\n<p>Im Namen der Mitglieder dankte Erich Bercher dem Vorstand f\u00fcr die geleistete Arbeit und hatte ein leichtes Amt als Wahlleiter. Bei den Teilneuwahlen wurde den bisherigen Vorstandsmitgliedern einstimmig das Vertrauen ausgesprochen. Wiedergew\u00e4hlt wurden der stellvertretende Vorsitzende Matthias Tr\u00f6ndle, Kassierer Peter Hartmann und die Beisitzer Jochen Sarnow und Matthias Maier. Der Wirtevereinigung S\u00fcdschwarzwald-Hochrhein geh\u00f6ren 108 Mitgliedsbetriebe an. Spannend war f\u00fcr die Gastronomen der Vortrag von Unternehmensberaterin Monika Studinger zum Thema \u201eMotivation von Mitarbeitern\u201c. Die Referentin, die derzeit mit zehn Mitarbeiterinnen den Storchenturm in Tiengen leitet, ging auf die zwischenmenschlichen Beziehungen, Hauptthema in der Gastronomie ein. Sie erl\u00e4uterte Pers\u00f6nlichkeitsprofile und sprach das Eingehen auf die St\u00e4rken der Mitarbeiter an.<\/p>\n<p>Vor der Hauptversammlung im Posthorn in \u00dchlingen erhielten die Teilnehmer eine F\u00fchrung durch die neue K\u00fcche des Traditionshauses, das seit zwei Wochen Daniel Frech f\u00fchrt. Zimmermann gab seiner Freude Ausdruck, dass junge Menschen Betriebe \u00fcbernehmen. Er w\u00fcnschte Frech viel Erfolg.<\/p>\n<p><a href=\"http:\/\/www.suedkurier.de\/region\/hochrhein\/kreis-waldshut\/Lachende-Gesichter-beim-Wirteverein-Suedschwarzwald-Hochrhein;art372586,5942826\" target=\"_blank\">Quelle: S\u00fcdkurier vom 7.3.2013 von Werner Steinhart<\/a><\/p>\n","protected":false},"excerpt":{"rendered":"<p>Kreis Waldshut\u00a0&#8211;\u00a0 Zuversicht im Gastgewerbe. Auf sieben Prozent gesenkter Mehrwertsteuersatz sichereInvestitionen in der Hotellerie Die Gastronomen und Hoteliers im S\u00fcdschwarzwald und am Hochrhein sehen sich auf Erfolgskurs. \u201eEs boomt in der Gastronomie\u201c, stellte der Vorsitzende des Wirtevereins S\u00fcdschwarzwald-Hochrhein, Thomas Zimmermann, in der Hauptversammlung im Hotel&#8230;<\/p>\n","protected":false},"author":1,"featured_media":0,"comment_status":"open","ping_status":"open","sticky":false,"template":"","format":"standard","meta":[],"categories":[1],"tags":[],"_links":{"self":[{"href":"https:\/\/www.schwarzwald-gastro.de\/index.php?rest_route=\/wp\/v2\/posts\/879"}],"collection":[{"href":"https:\/\/www.schwarzwald-gastro.de\/index.php?rest_route=\/wp\/v2\/posts"}],"about":[{"href":"https:\/\/www.schwarzwald-gastro.de\/index.php?rest_route=\/wp\/v2\/types\/post"}],"author":[{"embeddable":true,"href":"https:\/\/www.schwarzwald-gastro.de\/index.php?rest_route=\/wp\/v2\/users\/1"}],"replies":[{"embeddable":true,"href":"https:\/\/www.schwarzwald-gastro.de\/index.php?rest_route=%2Fwp%2Fv2%2Fcomments&post=879"}],"version-history":[{"count":1,"href":"https:\/\/www.schwarzwald-gastro.de\/index.php?rest_route=\/wp\/v2\/posts\/879\/revisions"}],"predecessor-version":[{"id":880,"href":"https:\/\/www.schwarzwald-gastro.de\/index.php?rest_route=\/wp\/v2\/posts\/879\/revisions\/880"}],"wp:attachment":[{"href":"https:\/\/www.schwarzwald-gastro.de\/index.php?rest_route=%2Fwp%2Fv2%2Fmedia&parent=879"}],"wp:term":[{"taxonomy":"category","embeddable":true,"href":"https:\/\/www.schwarzwald-gastro.de\/index.php?rest_route=%2Fwp%2Fv2%2Fcategories&post=879"},{"taxonomy":"post_tag","embeddable":true,"href":"https:\/\/www.schwarzwald-gastro.de\/index.php?rest_route=%2Fwp%2Fv2%2Ftags&post=879"}],"curies":[{"name":"wp","href":"https:\/\/api.w.org\/{rel}","templated":true}]}}